{"id":978,"date":"2019-02-11T22:07:28","date_gmt":"2019-02-11T21:07:28","guid":{"rendered":"http:\/\/www.gites-pre-des-poulains.fr\/?p=978"},"modified":"2022-01-17T08:06:05","modified_gmt":"2022-01-17T07:06:05","slug":"petite-parenthese","status":"publish","type":"post","link":"http:\/\/www.gites-pre-des-poulains.fr\/?p=978","title":{"rendered":"Petite parenth\u00e8se"},"content":{"rendered":"<p>Petite escapade pour l&rsquo;anniversaire de Christophe un peu de d\u00e9tente et de bien-\u00eatre bien au chaud derri\u00e8re la verri\u00e8re&#8230;&#8230;dehors paysage hivernale <img loading=\"lazy\" src=\"http:\/\/www.gites-pre-des-poulains.fr\/wp-content\/uploads\/2019\/02\/img_2150.jpg\" class=\"size-full wp-image-975\" height=\"1124\" width=\"1500\" srcset=\"http:\/\/www.gites-pre-des-poulains.fr\/wp-content\/uploads\/2019\/02\/img_2150.jpg 1500w, http:\/\/www.gites-pre-des-poulains.fr\/wp-content\/uploads\/2019\/02\/img_2150-300x225.jpg 300w, http:\/\/www.gites-pre-des-poulains.fr\/wp-content\/uploads\/2019\/02\/img_2150-768x575.jpg 768w, http:\/\/www.gites-pre-des-poulains.fr\/wp-content\/uploads\/2019\/02\/img_2150-1024x767.jpg 1024w\" sizes=\"(max-width: 1500px) 100vw, 1500px\" \/><img loading=\"lazy\" src=\"http:\/\/www.gites-pre-des-poulains.fr\/wp-content\/uploads\/2019\/02\/img_2139.jpg\" class=\"wp-image-976 size-full\" height=\"1124\" width=\"1500\" srcset=\"http:\/\/www.gites-pre-des-poulains.fr\/wp-content\/uploads\/2019\/02\/img_2139.jpg 1500w, http:\/\/www.gites-pre-des-poulains.fr\/wp-content\/uploads\/2019\/02\/img_2139-300x225.jpg 300w, http:\/\/www.gites-pre-des-poulains.fr\/wp-content\/uploads\/2019\/02\/img_2139-768x575.jpg 768w, http:\/\/www.gites-pre-des-poulains.fr\/wp-content\/uploads\/2019\/02\/img_2139-1024x767.jpg 1024w\" sizes=\"(max-width: 1500px) 100vw, 1500px\" \/><img src=\"file:\/\/\/var\/mobile\/Containers\/Data\/Application\/7E884B96-67E2-4E9B-BEFC-91D956D33990\/Library\/Caches\/Media\/thumbnail-p329-2048x2048.jpeg\" class=\"size-full\" data-wp_upload_id=\"x-coredata:\/\/08D7A39F-1888-4BA4-A626-40E4B2CA6382\/Media\/p329\"><\/p>\n","protected":false},"excerpt":{"rendered":"<p>Petite escapade pour l&rsquo;anniversaire de Christophe un peu de d\u00e9tente et de bien-\u00eatre bien au chaud derri\u00e8re la verri\u00e8re&#8230;&#8230;dehors paysage hivernale<\/p>\n","protected":false},"author":1,"featured_media":0,"comment_status":"closed","ping_status":"closed","sticky":false,"template":"","format":"standard","meta":[],"categories":[1],"tags":[],"_links":{"self":[{"href":"http:\/\/www.gites-pre-des-poulains.fr\/index.php?rest_route=\/wp\/v2\/posts\/978"}],"collection":[{"href":"http:\/\/www.gites-pre-des-poulains.fr\/index.php?rest_route=\/wp\/v2\/posts"}],"about":[{"href":"http:\/\/www.gites-pre-des-poulains.fr\/index.php?rest_route=\/wp\/v2\/types\/post"}],"author":[{"embeddable":true,"href":"http:\/\/www.gites-pre-des-poulains.fr\/index.php?rest_route=\/wp\/v2\/users\/1"}],"replies":[{"embeddable":true,"href":"http:\/\/www.gites-pre-des-poulains.fr\/index.php?rest_route=%2Fwp%2Fv2%2Fcomments&post=978"}],"version-history":[{"count":1,"href":"http:\/\/www.gites-pre-des-poulains.fr\/index.php?rest_route=\/wp\/v2\/posts\/978\/revisions"}],"predecessor-version":[{"id":979,"href":"http:\/\/www.gites-pre-des-poulains.fr\/index.php?rest_route=\/wp\/v2\/posts\/978\/revisions\/979"}],"wp:attachment":[{"href":"http:\/\/www.gites-pre-des-poulains.fr\/index.php?rest_route=%2Fwp%2Fv2%2Fmedia&parent=978"}],"wp:term":[{"taxonomy":"category","embeddable":true,"href":"http:\/\/www.gites-pre-des-poulains.fr\/index.php?rest_route=%2Fwp%2Fv2%2Fcategories&post=978"},{"taxonomy":"post_tag","embeddable":true,"href":"http:\/\/www.gites-pre-des-poulains.fr\/index.php?rest_route=%2Fwp%2Fv2%2Ftags&post=978"}],"curies":[{"name":"wp","href":"https:\/\/api.w.org\/{rel}","templated":true}]}}