{"id":961,"date":"2018-12-14T18:17:52","date_gmt":"2018-12-14T17:17:52","guid":{"rendered":"http:\/\/www.gites-pre-des-poulains.fr\/?p=961"},"modified":"2022-01-17T08:06:21","modified_gmt":"2022-01-17T07:06:21","slug":"a-lapproche-de-noel","status":"publish","type":"post","link":"http:\/\/www.gites-pre-des-poulains.fr\/?p=961","title":{"rendered":"A l\u2019approche de No\u00ebl"},"content":{"rendered":"<p>Ma petite for\u00eat install\u00e9e tout doucement No\u00ebl approche avec ses pr\u00e9paratifs.Toujours une petite pens\u00e9e pour ceux qui sont partis trop t\u00f4t ,qui sont dans la souffrance et aujourd&rsquo;hui particuli\u00e8rement aux victimes de Strasbourg <img loading=\"lazy\" src=\"http:\/\/www.gites-pre-des-poulains.fr\/wp-content\/uploads\/2018\/12\/img_2031.jpg\" class=\"wp-image-959 size-full\" height=\"1124\" width=\"1500\" srcset=\"http:\/\/www.gites-pre-des-poulains.fr\/wp-content\/uploads\/2018\/12\/img_2031.jpg 1500w, http:\/\/www.gites-pre-des-poulains.fr\/wp-content\/uploads\/2018\/12\/img_2031-300x225.jpg 300w, http:\/\/www.gites-pre-des-poulains.fr\/wp-content\/uploads\/2018\/12\/img_2031-768x575.jpg 768w, http:\/\/www.gites-pre-des-poulains.fr\/wp-content\/uploads\/2018\/12\/img_2031-1024x767.jpg 1024w\" sizes=\"(max-width: 1500px) 100vw, 1500px\" \/><img loading=\"lazy\" src=\"http:\/\/www.gites-pre-des-poulains.fr\/wp-content\/uploads\/2018\/12\/img_2028.jpg\" class=\"size-full wp-image-960\" height=\"1500\" width=\"1124\" srcset=\"http:\/\/www.gites-pre-des-poulains.fr\/wp-content\/uploads\/2018\/12\/img_2028.jpg 1124w, http:\/\/www.gites-pre-des-poulains.fr\/wp-content\/uploads\/2018\/12\/img_2028-225x300.jpg 225w, http:\/\/www.gites-pre-des-poulains.fr\/wp-content\/uploads\/2018\/12\/img_2028-768x1025.jpg 768w, http:\/\/www.gites-pre-des-poulains.fr\/wp-content\/uploads\/2018\/12\/img_2028-767x1024.jpg 767w\" sizes=\"(max-width: 1124px) 100vw, 1124px\" \/><\/p>\n","protected":false},"excerpt":{"rendered":"<p>Ma petite for\u00eat install\u00e9e tout doucement No\u00ebl approche avec ses pr\u00e9paratifs.Toujours une petite pens\u00e9e pour ceux qui sont partis trop t\u00f4t ,qui sont dans la souffrance et aujourd&rsquo;hui particuli\u00e8rement aux victimes de Strasbourg<\/p>\n","protected":false},"author":1,"featured_media":0,"comment_status":"closed","ping_status":"closed","sticky":false,"template":"","format":"standard","meta":[],"categories":[1],"tags":[],"_links":{"self":[{"href":"http:\/\/www.gites-pre-des-poulains.fr\/index.php?rest_route=\/wp\/v2\/posts\/961"}],"collection":[{"href":"http:\/\/www.gites-pre-des-poulains.fr\/index.php?rest_route=\/wp\/v2\/posts"}],"about":[{"href":"http:\/\/www.gites-pre-des-poulains.fr\/index.php?rest_route=\/wp\/v2\/types\/post"}],"author":[{"embeddable":true,"href":"http:\/\/www.gites-pre-des-poulains.fr\/index.php?rest_route=\/wp\/v2\/users\/1"}],"replies":[{"embeddable":true,"href":"http:\/\/www.gites-pre-des-poulains.fr\/index.php?rest_route=%2Fwp%2Fv2%2Fcomments&post=961"}],"version-history":[{"count":1,"href":"http:\/\/www.gites-pre-des-poulains.fr\/index.php?rest_route=\/wp\/v2\/posts\/961\/revisions"}],"predecessor-version":[{"id":962,"href":"http:\/\/www.gites-pre-des-poulains.fr\/index.php?rest_route=\/wp\/v2\/posts\/961\/revisions\/962"}],"wp:attachment":[{"href":"http:\/\/www.gites-pre-des-poulains.fr\/index.php?rest_route=%2Fwp%2Fv2%2Fmedia&parent=961"}],"wp:term":[{"taxonomy":"category","embeddable":true,"href":"http:\/\/www.gites-pre-des-poulains.fr\/index.php?rest_route=%2Fwp%2Fv2%2Fcategories&post=961"},{"taxonomy":"post_tag","embeddable":true,"href":"http:\/\/www.gites-pre-des-poulains.fr\/index.php?rest_route=%2Fwp%2Fv2%2Ftags&post=961"}],"curies":[{"name":"wp","href":"https:\/\/api.w.org\/{rel}","templated":true}]}}