{"id":938,"date":"2018-09-27T20:27:43","date_gmt":"2018-09-27T19:27:43","guid":{"rendered":"http:\/\/www.gites-pre-des-poulains.fr\/?p=938"},"modified":"2022-01-17T08:06:33","modified_gmt":"2022-01-17T07:06:33","slug":"le-soleil-dans-nos-verres","status":"publish","type":"post","link":"http:\/\/www.gites-pre-des-poulains.fr\/?p=938","title":{"rendered":"Le soleil dans nos verres"},"content":{"rendered":"<p>Que sont devenues nos pommes?&#8230;..  Un plaisir de pouvoir partager cette transformation avec la famille,les amis et nos h\u00f4tes.Sans sucre ajout\u00e9,sans conservateur tout simplement st\u00e9rilis\u00e9 <img loading=\"lazy\" src=\"http:\/\/www.gites-pre-des-poulains.fr\/wp-content\/uploads\/2018\/09\/img_1885.jpg\" class=\"size-full\" width=\"1500\" height=\"1124\"><img loading=\"lazy\" src=\"http:\/\/www.gites-pre-des-poulains.fr\/wp-content\/uploads\/2018\/09\/img_1886.jpg\" class=\"size-full wp-image-933\" height=\"1500\" width=\"1124\" srcset=\"http:\/\/www.gites-pre-des-poulains.fr\/wp-content\/uploads\/2018\/09\/img_1886.jpg 1124w, http:\/\/www.gites-pre-des-poulains.fr\/wp-content\/uploads\/2018\/09\/img_1886-225x300.jpg 225w, http:\/\/www.gites-pre-des-poulains.fr\/wp-content\/uploads\/2018\/09\/img_1886-768x1025.jpg 768w, http:\/\/www.gites-pre-des-poulains.fr\/wp-content\/uploads\/2018\/09\/img_1886-767x1024.jpg 767w\" sizes=\"(max-width: 1124px) 100vw, 1124px\" \/><img loading=\"lazy\" src=\"http:\/\/www.gites-pre-des-poulains.fr\/wp-content\/uploads\/2018\/09\/img_1884.jpg\" class=\"wp-image-932 size-full\" height=\"1124\" width=\"1500\" srcset=\"http:\/\/www.gites-pre-des-poulains.fr\/wp-content\/uploads\/2018\/09\/img_1884.jpg 1500w, http:\/\/www.gites-pre-des-poulains.fr\/wp-content\/uploads\/2018\/09\/img_1884-300x225.jpg 300w, http:\/\/www.gites-pre-des-poulains.fr\/wp-content\/uploads\/2018\/09\/img_1884-768x575.jpg 768w, http:\/\/www.gites-pre-des-poulains.fr\/wp-content\/uploads\/2018\/09\/img_1884-1024x767.jpg 1024w\" sizes=\"(max-width: 1500px) 100vw, 1500px\" \/><img loading=\"lazy\" src=\"http:\/\/www.gites-pre-des-poulains.fr\/wp-content\/uploads\/2018\/09\/img_1908.jpg\" class=\"size-full\" width=\"1500\" height=\"1124\"><img loading=\"lazy\" src=\"http:\/\/www.gites-pre-des-poulains.fr\/wp-content\/uploads\/2018\/09\/img_1898.jpg\" class=\"size-full\" width=\"1500\" height=\"1124\"><img loading=\"lazy\" src=\"http:\/\/www.gites-pre-des-poulains.fr\/wp-content\/uploads\/2018\/09\/img_1907.jpg\" class=\"size-full\" width=\"1500\" height=\"1124\"><\/p>\n","protected":false},"excerpt":{"rendered":"<p>Que sont devenues nos pommes?&#8230;.. Un plaisir de pouvoir partager cette transformation avec la famille,les amis et nos h\u00f4tes.Sans sucre ajout\u00e9,sans conservateur tout simplement st\u00e9rilis\u00e9<\/p>\n","protected":false},"author":1,"featured_media":0,"comment_status":"closed","ping_status":"closed","sticky":false,"template":"","format":"standard","meta":[],"categories":[1],"tags":[],"_links":{"self":[{"href":"http:\/\/www.gites-pre-des-poulains.fr\/index.php?rest_route=\/wp\/v2\/posts\/938"}],"collection":[{"href":"http:\/\/www.gites-pre-des-poulains.fr\/index.php?rest_route=\/wp\/v2\/posts"}],"about":[{"href":"http:\/\/www.gites-pre-des-poulains.fr\/index.php?rest_route=\/wp\/v2\/types\/post"}],"author":[{"embeddable":true,"href":"http:\/\/www.gites-pre-des-poulains.fr\/index.php?rest_route=\/wp\/v2\/users\/1"}],"replies":[{"embeddable":true,"href":"http:\/\/www.gites-pre-des-poulains.fr\/index.php?rest_route=%2Fwp%2Fv2%2Fcomments&post=938"}],"version-history":[{"count":1,"href":"http:\/\/www.gites-pre-des-poulains.fr\/index.php?rest_route=\/wp\/v2\/posts\/938\/revisions"}],"predecessor-version":[{"id":939,"href":"http:\/\/www.gites-pre-des-poulains.fr\/index.php?rest_route=\/wp\/v2\/posts\/938\/revisions\/939"}],"wp:attachment":[{"href":"http:\/\/www.gites-pre-des-poulains.fr\/index.php?rest_route=%2Fwp%2Fv2%2Fmedia&parent=938"}],"wp:term":[{"taxonomy":"category","embeddable":true,"href":"http:\/\/www.gites-pre-des-poulains.fr\/index.php?rest_route=%2Fwp%2Fv2%2Fcategories&post=938"},{"taxonomy":"post_tag","embeddable":true,"href":"http:\/\/www.gites-pre-des-poulains.fr\/index.php?rest_route=%2Fwp%2Fv2%2Ftags&post=938"}],"curies":[{"name":"wp","href":"https:\/\/api.w.org\/{rel}","templated":true}]}}