{"id":924,"date":"2018-08-21T15:11:03","date_gmt":"2018-08-21T14:11:03","guid":{"rendered":"http:\/\/www.gites-pre-des-poulains.fr\/?p=924"},"modified":"2022-01-17T08:06:42","modified_gmt":"2022-01-17T07:06:42","slug":"secheresse","status":"publish","type":"post","link":"http:\/\/www.gites-pre-des-poulains.fr\/?p=924","title":{"rendered":"S\u00e9cheresse"},"content":{"rendered":"<p>On ferme les robinets fin de l&rsquo;irrigation pour cette ann\u00e9e.Nous avons fait de notre mieux mais le soleil est plus fort ,les feuilles sont br\u00fbl\u00e9es .Les vendanges sont pr\u00e9vues pour le 27 ao\u00fbt une petite pluie aurait \u00e9t\u00e9 b\u00e9n\u00e9fique pour le raisin &#x1f347; mais la m\u00e9t\u00e9o l&rsquo;a voulu autrement.La chaleur persiste les batteries sont \u00e0 plat.A quand les vacances tout s&rsquo;encha\u00eene?<img loading=\"lazy\" src=\"http:\/\/www.gites-pre-des-poulains.fr\/wp-content\/uploads\/2018\/08\/img_1695.jpg\" class=\"size-full wp-image-923\" height=\"1124\" width=\"1500\" srcset=\"http:\/\/www.gites-pre-des-poulains.fr\/wp-content\/uploads\/2018\/08\/img_1695.jpg 1500w, http:\/\/www.gites-pre-des-poulains.fr\/wp-content\/uploads\/2018\/08\/img_1695-300x225.jpg 300w, http:\/\/www.gites-pre-des-poulains.fr\/wp-content\/uploads\/2018\/08\/img_1695-768x575.jpg 768w, http:\/\/www.gites-pre-des-poulains.fr\/wp-content\/uploads\/2018\/08\/img_1695-1024x767.jpg 1024w\" sizes=\"(max-width: 1500px) 100vw, 1500px\" \/><img loading=\"lazy\" src=\"http:\/\/www.gites-pre-des-poulains.fr\/wp-content\/uploads\/2018\/08\/img_1696.jpg\" class=\"size-full wp-image-921\" height=\"1124\" width=\"1500\" srcset=\"http:\/\/www.gites-pre-des-poulains.fr\/wp-content\/uploads\/2018\/08\/img_1696.jpg 1500w, http:\/\/www.gites-pre-des-poulains.fr\/wp-content\/uploads\/2018\/08\/img_1696-300x225.jpg 300w, http:\/\/www.gites-pre-des-poulains.fr\/wp-content\/uploads\/2018\/08\/img_1696-768x575.jpg 768w, http:\/\/www.gites-pre-des-poulains.fr\/wp-content\/uploads\/2018\/08\/img_1696-1024x767.jpg 1024w\" sizes=\"(max-width: 1500px) 100vw, 1500px\" \/><img loading=\"lazy\" src=\"http:\/\/www.gites-pre-des-poulains.fr\/wp-content\/uploads\/2018\/08\/img_1697.jpg\" class=\"size-full wp-image-922\" height=\"1124\" width=\"1500\" srcset=\"http:\/\/www.gites-pre-des-poulains.fr\/wp-content\/uploads\/2018\/08\/img_1697.jpg 1500w, http:\/\/www.gites-pre-des-poulains.fr\/wp-content\/uploads\/2018\/08\/img_1697-300x225.jpg 300w, http:\/\/www.gites-pre-des-poulains.fr\/wp-content\/uploads\/2018\/08\/img_1697-768x575.jpg 768w, http:\/\/www.gites-pre-des-poulains.fr\/wp-content\/uploads\/2018\/08\/img_1697-1024x767.jpg 1024w\" sizes=\"(max-width: 1500px) 100vw, 1500px\" \/><\/p>\n","protected":false},"excerpt":{"rendered":"<p>On ferme les robinets fin de l&rsquo;irrigation pour cette ann\u00e9e.Nous avons fait de notre mieux mais le soleil est plus fort ,les feuilles sont br\u00fbl\u00e9es .Les vendanges sont pr\u00e9vues pour le 27 ao\u00fbt une petite pluie aurait \u00e9t\u00e9 b\u00e9n\u00e9fique pour le raisin &#x1f347; mais la m\u00e9t\u00e9o l&rsquo;a voulu autrement.La chaleur persiste les batteries sont \u00e0 [&hellip;]<\/p>\n","protected":false},"author":1,"featured_media":0,"comment_status":"closed","ping_status":"closed","sticky":false,"template":"","format":"standard","meta":[],"categories":[1],"tags":[],"_links":{"self":[{"href":"http:\/\/www.gites-pre-des-poulains.fr\/index.php?rest_route=\/wp\/v2\/posts\/924"}],"collection":[{"href":"http:\/\/www.gites-pre-des-poulains.fr\/index.php?rest_route=\/wp\/v2\/posts"}],"about":[{"href":"http:\/\/www.gites-pre-des-poulains.fr\/index.php?rest_route=\/wp\/v2\/types\/post"}],"author":[{"embeddable":true,"href":"http:\/\/www.gites-pre-des-poulains.fr\/index.php?rest_route=\/wp\/v2\/users\/1"}],"replies":[{"embeddable":true,"href":"http:\/\/www.gites-pre-des-poulains.fr\/index.php?rest_route=%2Fwp%2Fv2%2Fcomments&post=924"}],"version-history":[{"count":1,"href":"http:\/\/www.gites-pre-des-poulains.fr\/index.php?rest_route=\/wp\/v2\/posts\/924\/revisions"}],"predecessor-version":[{"id":925,"href":"http:\/\/www.gites-pre-des-poulains.fr\/index.php?rest_route=\/wp\/v2\/posts\/924\/revisions\/925"}],"wp:attachment":[{"href":"http:\/\/www.gites-pre-des-poulains.fr\/index.php?rest_route=%2Fwp%2Fv2%2Fmedia&parent=924"}],"wp:term":[{"taxonomy":"category","embeddable":true,"href":"http:\/\/www.gites-pre-des-poulains.fr\/index.php?rest_route=%2Fwp%2Fv2%2Fcategories&post=924"},{"taxonomy":"post_tag","embeddable":true,"href":"http:\/\/www.gites-pre-des-poulains.fr\/index.php?rest_route=%2Fwp%2Fv2%2Ftags&post=924"}],"curies":[{"name":"wp","href":"https:\/\/api.w.org\/{rel}","templated":true}]}}