{"id":851,"date":"2018-07-09T11:54:14","date_gmt":"2018-07-09T10:54:14","guid":{"rendered":"http:\/\/www.gites-pre-des-poulains.fr\/?p=851"},"modified":"2022-01-17T08:06:51","modified_gmt":"2022-01-17T07:06:51","slug":"sortie","status":"publish","type":"post","link":"http:\/\/www.gites-pre-des-poulains.fr\/?p=851","title":{"rendered":"Sortie"},"content":{"rendered":"<p>Sortie du groupe \u00ab\u00a0marcheurs\u00a0\u00bbaujourd&rsquo;hui.Le sentier des Roches au programme.Belle ballade avec forte concentration sur chaque pas .Comme indiqu\u00e9 le sentier est parsem\u00e9 de roches.Belle journ\u00e9e loin de la chaleur de la plaine.Un plaisir de profiter de la nature et de ses bienfaits.Photos a l&rsquo;appui .<img loading=\"lazy\" src=\"http:\/\/www.gites-pre-des-poulains.fr\/wp-content\/uploads\/2018\/07\/img_1588.jpg\" class=\"alignnone wp-image-849 size-full\" height=\"1124\" width=\"1500\" srcset=\"http:\/\/www.gites-pre-des-poulains.fr\/wp-content\/uploads\/2018\/07\/img_1588.jpg 1500w, http:\/\/www.gites-pre-des-poulains.fr\/wp-content\/uploads\/2018\/07\/img_1588-300x225.jpg 300w, http:\/\/www.gites-pre-des-poulains.fr\/wp-content\/uploads\/2018\/07\/img_1588-768x575.jpg 768w, http:\/\/www.gites-pre-des-poulains.fr\/wp-content\/uploads\/2018\/07\/img_1588-1024x767.jpg 1024w\" sizes=\"(max-width: 1500px) 100vw, 1500px\" \/><img loading=\"lazy\" src=\"http:\/\/www.gites-pre-des-poulains.fr\/wp-content\/uploads\/2018\/07\/img_1587.jpg\" class=\"alignnone wp-image-848 size-full\" height=\"1124\" width=\"1500\" srcset=\"http:\/\/www.gites-pre-des-poulains.fr\/wp-content\/uploads\/2018\/07\/img_1587.jpg 1500w, http:\/\/www.gites-pre-des-poulains.fr\/wp-content\/uploads\/2018\/07\/img_1587-300x225.jpg 300w, http:\/\/www.gites-pre-des-poulains.fr\/wp-content\/uploads\/2018\/07\/img_1587-768x575.jpg 768w, http:\/\/www.gites-pre-des-poulains.fr\/wp-content\/uploads\/2018\/07\/img_1587-1024x767.jpg 1024w\" sizes=\"(max-width: 1500px) 100vw, 1500px\" \/><img loading=\"lazy\" src=\"http:\/\/www.gites-pre-des-poulains.fr\/wp-content\/uploads\/2018\/07\/img_1585.jpg\" class=\"alignnone wp-image-850 size-full\" height=\"1500\" width=\"1124\" srcset=\"http:\/\/www.gites-pre-des-poulains.fr\/wp-content\/uploads\/2018\/07\/img_1585.jpg 1124w, http:\/\/www.gites-pre-des-poulains.fr\/wp-content\/uploads\/2018\/07\/img_1585-225x300.jpg 225w, http:\/\/www.gites-pre-des-poulains.fr\/wp-content\/uploads\/2018\/07\/img_1585-768x1025.jpg 768w, http:\/\/www.gites-pre-des-poulains.fr\/wp-content\/uploads\/2018\/07\/img_1585-767x1024.jpg 767w\" sizes=\"(max-width: 1124px) 100vw, 1124px\" \/><\/p>\n","protected":false},"excerpt":{"rendered":"<p>Sortie du groupe \u00ab\u00a0marcheurs\u00a0\u00bbaujourd&rsquo;hui.Le sentier des Roches au programme.Belle ballade avec forte concentration sur chaque pas .Comme indiqu\u00e9 le sentier est parsem\u00e9 de roches.Belle journ\u00e9e loin de la chaleur de la plaine.Un plaisir de profiter de la nature et de ses bienfaits.Photos a l&rsquo;appui .<\/p>\n","protected":false},"author":1,"featured_media":0,"comment_status":"closed","ping_status":"closed","sticky":false,"template":"","format":"standard","meta":[],"categories":[1],"tags":[],"_links":{"self":[{"href":"http:\/\/www.gites-pre-des-poulains.fr\/index.php?rest_route=\/wp\/v2\/posts\/851"}],"collection":[{"href":"http:\/\/www.gites-pre-des-poulains.fr\/index.php?rest_route=\/wp\/v2\/posts"}],"about":[{"href":"http:\/\/www.gites-pre-des-poulains.fr\/index.php?rest_route=\/wp\/v2\/types\/post"}],"author":[{"embeddable":true,"href":"http:\/\/www.gites-pre-des-poulains.fr\/index.php?rest_route=\/wp\/v2\/users\/1"}],"replies":[{"embeddable":true,"href":"http:\/\/www.gites-pre-des-poulains.fr\/index.php?rest_route=%2Fwp%2Fv2%2Fcomments&post=851"}],"version-history":[{"count":1,"href":"http:\/\/www.gites-pre-des-poulains.fr\/index.php?rest_route=\/wp\/v2\/posts\/851\/revisions"}],"predecessor-version":[{"id":852,"href":"http:\/\/www.gites-pre-des-poulains.fr\/index.php?rest_route=\/wp\/v2\/posts\/851\/revisions\/852"}],"wp:attachment":[{"href":"http:\/\/www.gites-pre-des-poulains.fr\/index.php?rest_route=%2Fwp%2Fv2%2Fmedia&parent=851"}],"wp:term":[{"taxonomy":"category","embeddable":true,"href":"http:\/\/www.gites-pre-des-poulains.fr\/index.php?rest_route=%2Fwp%2Fv2%2Fcategories&post=851"},{"taxonomy":"post_tag","embeddable":true,"href":"http:\/\/www.gites-pre-des-poulains.fr\/index.php?rest_route=%2Fwp%2Fv2%2Ftags&post=851"}],"curies":[{"name":"wp","href":"https:\/\/api.w.org\/{rel}","templated":true}]}}