{"id":828,"date":"2018-06-04T19:25:33","date_gmt":"2018-06-04T18:25:33","guid":{"rendered":"http:\/\/www.gites-pre-des-poulains.fr\/?p=828"},"modified":"2022-03-16T17:42:53","modified_gmt":"2022-03-16T16:42:53","slug":"vignes","status":"publish","type":"post","link":"http:\/\/www.gites-pre-des-poulains.fr\/?p=828","title":{"rendered":"Vignes"},"content":{"rendered":"<p>Du jamais vu .La vigne a fini de fleurir et les baies se forment sous un soleil ardent ,la v\u00e9g\u00e9tation est dense Nous avons encore de l&rsquo;avance par rapport \u00e0 l&rsquo;ann\u00e9e pr\u00e9c\u00e9dente.Les orages \u00e9clatent tous les soirs apr\u00e8s des journ\u00e9es bien caniculaires.<img loading=\"lazy\" src=\"http:\/\/www.gites-pre-des-poulains.fr\/wp-content\/uploads\/2018\/06\/img_1425.jpg\" class=\"alignnone size-full wp-image-827\" height=\"1500\" width=\"1124\" srcset=\"http:\/\/www.gites-pre-des-poulains.fr\/wp-content\/uploads\/2018\/06\/img_1425.jpg 1124w, http:\/\/www.gites-pre-des-poulains.fr\/wp-content\/uploads\/2018\/06\/img_1425-225x300.jpg 225w, http:\/\/www.gites-pre-des-poulains.fr\/wp-content\/uploads\/2018\/06\/img_1425-768x1025.jpg 768w, http:\/\/www.gites-pre-des-poulains.fr\/wp-content\/uploads\/2018\/06\/img_1425-767x1024.jpg 767w\" sizes=\"(max-width: 1124px) 100vw, 1124px\" \/><img loading=\"lazy\" src=\"http:\/\/www.gites-pre-des-poulains.fr\/wp-content\/uploads\/2018\/06\/img_1426.jpg\" class=\"alignnone wp-image-826 size-full\" height=\"1500\" width=\"1124\" srcset=\"http:\/\/www.gites-pre-des-poulains.fr\/wp-content\/uploads\/2018\/06\/img_1426.jpg 1124w, http:\/\/www.gites-pre-des-poulains.fr\/wp-content\/uploads\/2018\/06\/img_1426-225x300.jpg 225w, http:\/\/www.gites-pre-des-poulains.fr\/wp-content\/uploads\/2018\/06\/img_1426-768x1025.jpg 768w, http:\/\/www.gites-pre-des-poulains.fr\/wp-content\/uploads\/2018\/06\/img_1426-767x1024.jpg 767w\" sizes=\"(max-width: 1124px) 100vw, 1124px\" \/><\/p>\n","protected":false},"excerpt":{"rendered":"<p>Du jamais vu .La vigne a fini de fleurir et les baies se forment sous un soleil ardent ,la v\u00e9g\u00e9tation est dense Nous avons encore de l&rsquo;avance par rapport \u00e0 l&rsquo;ann\u00e9e pr\u00e9c\u00e9dente.Les orages \u00e9clatent tous les soirs apr\u00e8s des journ\u00e9es bien caniculaires.<\/p>\n","protected":false},"author":1,"featured_media":0,"comment_status":"closed","ping_status":"closed","sticky":false,"template":"","format":"standard","meta":[],"categories":[1],"tags":[],"_links":{"self":[{"href":"http:\/\/www.gites-pre-des-poulains.fr\/index.php?rest_route=\/wp\/v2\/posts\/828"}],"collection":[{"href":"http:\/\/www.gites-pre-des-poulains.fr\/index.php?rest_route=\/wp\/v2\/posts"}],"about":[{"href":"http:\/\/www.gites-pre-des-poulains.fr\/index.php?rest_route=\/wp\/v2\/types\/post"}],"author":[{"embeddable":true,"href":"http:\/\/www.gites-pre-des-poulains.fr\/index.php?rest_route=\/wp\/v2\/users\/1"}],"replies":[{"embeddable":true,"href":"http:\/\/www.gites-pre-des-poulains.fr\/index.php?rest_route=%2Fwp%2Fv2%2Fcomments&post=828"}],"version-history":[{"count":1,"href":"http:\/\/www.gites-pre-des-poulains.fr\/index.php?rest_route=\/wp\/v2\/posts\/828\/revisions"}],"predecessor-version":[{"id":829,"href":"http:\/\/www.gites-pre-des-poulains.fr\/index.php?rest_route=\/wp\/v2\/posts\/828\/revisions\/829"}],"wp:attachment":[{"href":"http:\/\/www.gites-pre-des-poulains.fr\/index.php?rest_route=%2Fwp%2Fv2%2Fmedia&parent=828"}],"wp:term":[{"taxonomy":"category","embeddable":true,"href":"http:\/\/www.gites-pre-des-poulains.fr\/index.php?rest_route=%2Fwp%2Fv2%2Fcategories&post=828"},{"taxonomy":"post_tag","embeddable":true,"href":"http:\/\/www.gites-pre-des-poulains.fr\/index.php?rest_route=%2Fwp%2Fv2%2Ftags&post=828"}],"curies":[{"name":"wp","href":"https:\/\/api.w.org\/{rel}","templated":true}]}}