{"id":812,"date":"2018-03-18T10:58:27","date_gmt":"2018-03-18T09:58:27","guid":{"rendered":"http:\/\/www.gites-pre-des-poulains.fr\/?p=812"},"modified":"2022-03-16T17:43:07","modified_gmt":"2022-03-16T16:43:07","slug":"neige","status":"publish","type":"post","link":"http:\/\/www.gites-pre-des-poulains.fr\/?p=812","title":{"rendered":"Neige"},"content":{"rendered":"<p>L&rsquo;hiver n&rsquo;a pas dit son dernier mot.A quelques jours du printemps voil\u00e0 que la m\u00e9t\u00e9o fait parler d&rsquo;elle \u00ab\u00a0la neige\u00a0\u00bb et oui nous en avons pas eu durant toute la p\u00e9riode hivernale et voil\u00e0 que le 17 mars la nature se couvre d&rsquo;un beau manteau blanc<img loading=\"lazy\" src=\"http:\/\/www.gites-pre-des-poulains.fr\/wp-content\/uploads\/2018\/03\/img_1241.jpg\" class=\"size-full wp-image-810\" height=\"1124\" width=\"1500\" srcset=\"http:\/\/www.gites-pre-des-poulains.fr\/wp-content\/uploads\/2018\/03\/img_1241.jpg 1500w, http:\/\/www.gites-pre-des-poulains.fr\/wp-content\/uploads\/2018\/03\/img_1241-300x225.jpg 300w, http:\/\/www.gites-pre-des-poulains.fr\/wp-content\/uploads\/2018\/03\/img_1241-768x575.jpg 768w, http:\/\/www.gites-pre-des-poulains.fr\/wp-content\/uploads\/2018\/03\/img_1241-1024x767.jpg 1024w\" sizes=\"(max-width: 1500px) 100vw, 1500px\" \/><img loading=\"lazy\" src=\"http:\/\/www.gites-pre-des-poulains.fr\/wp-content\/uploads\/2018\/03\/img_1240.jpg\" class=\"size-full wp-image-811\" height=\"1124\" width=\"1500\" srcset=\"http:\/\/www.gites-pre-des-poulains.fr\/wp-content\/uploads\/2018\/03\/img_1240.jpg 1500w, http:\/\/www.gites-pre-des-poulains.fr\/wp-content\/uploads\/2018\/03\/img_1240-300x225.jpg 300w, http:\/\/www.gites-pre-des-poulains.fr\/wp-content\/uploads\/2018\/03\/img_1240-768x575.jpg 768w, http:\/\/www.gites-pre-des-poulains.fr\/wp-content\/uploads\/2018\/03\/img_1240-1024x767.jpg 1024w\" sizes=\"(max-width: 1500px) 100vw, 1500px\" \/><\/p>\n","protected":false},"excerpt":{"rendered":"<p>L&rsquo;hiver n&rsquo;a pas dit son dernier mot.A quelques jours du printemps voil\u00e0 que la m\u00e9t\u00e9o fait parler d&rsquo;elle \u00ab\u00a0la neige\u00a0\u00bb et oui nous en avons pas eu durant toute la p\u00e9riode hivernale et voil\u00e0 que le 17 mars la nature se couvre d&rsquo;un beau manteau blanc<\/p>\n","protected":false},"author":1,"featured_media":0,"comment_status":"closed","ping_status":"closed","sticky":false,"template":"","format":"standard","meta":[],"categories":[1],"tags":[],"_links":{"self":[{"href":"http:\/\/www.gites-pre-des-poulains.fr\/index.php?rest_route=\/wp\/v2\/posts\/812"}],"collection":[{"href":"http:\/\/www.gites-pre-des-poulains.fr\/index.php?rest_route=\/wp\/v2\/posts"}],"about":[{"href":"http:\/\/www.gites-pre-des-poulains.fr\/index.php?rest_route=\/wp\/v2\/types\/post"}],"author":[{"embeddable":true,"href":"http:\/\/www.gites-pre-des-poulains.fr\/index.php?rest_route=\/wp\/v2\/users\/1"}],"replies":[{"embeddable":true,"href":"http:\/\/www.gites-pre-des-poulains.fr\/index.php?rest_route=%2Fwp%2Fv2%2Fcomments&post=812"}],"version-history":[{"count":1,"href":"http:\/\/www.gites-pre-des-poulains.fr\/index.php?rest_route=\/wp\/v2\/posts\/812\/revisions"}],"predecessor-version":[{"id":813,"href":"http:\/\/www.gites-pre-des-poulains.fr\/index.php?rest_route=\/wp\/v2\/posts\/812\/revisions\/813"}],"wp:attachment":[{"href":"http:\/\/www.gites-pre-des-poulains.fr\/index.php?rest_route=%2Fwp%2Fv2%2Fmedia&parent=812"}],"wp:term":[{"taxonomy":"category","embeddable":true,"href":"http:\/\/www.gites-pre-des-poulains.fr\/index.php?rest_route=%2Fwp%2Fv2%2Fcategories&post=812"},{"taxonomy":"post_tag","embeddable":true,"href":"http:\/\/www.gites-pre-des-poulains.fr\/index.php?rest_route=%2Fwp%2Fv2%2Ftags&post=812"}],"curies":[{"name":"wp","href":"https:\/\/api.w.org\/{rel}","templated":true}]}}