{"id":805,"date":"2018-02-15T20:40:22","date_gmt":"2018-02-15T19:40:22","guid":{"rendered":"http:\/\/www.gites-pre-des-poulains.fr\/?p=805"},"modified":"2022-03-16T17:43:17","modified_gmt":"2022-03-16T16:43:17","slug":"on-va-y-arriver","status":"publish","type":"post","link":"http:\/\/www.gites-pre-des-poulains.fr\/?p=805","title":{"rendered":"On va y arriver&#8230;."},"content":{"rendered":"<p>Un week-end gourmand est programm\u00e9 pour le 02 mars ,tous les g\u00eetes sont r\u00e9quisitionn\u00e9s y compris l&rsquo;ardennais en&#x2692;mais on va y arriver &#8230;encore un bon coup et la douche sera fonctionnelle &#x1f6bf;<img loading=\"lazy\" src=\"http:\/\/www.gites-pre-des-poulains.fr\/wp-content\/uploads\/2018\/02\/img_1171-1.jpg\" class=\"wp-image-804 size-full\" height=\"1500\" width=\"1124\" srcset=\"http:\/\/www.gites-pre-des-poulains.fr\/wp-content\/uploads\/2018\/02\/img_1171-1.jpg 1124w, http:\/\/www.gites-pre-des-poulains.fr\/wp-content\/uploads\/2018\/02\/img_1171-1-225x300.jpg 225w, http:\/\/www.gites-pre-des-poulains.fr\/wp-content\/uploads\/2018\/02\/img_1171-1-768x1025.jpg 768w, http:\/\/www.gites-pre-des-poulains.fr\/wp-content\/uploads\/2018\/02\/img_1171-1-767x1024.jpg 767w\" sizes=\"(max-width: 1124px) 100vw, 1124px\" \/><\/p>\n","protected":false},"excerpt":{"rendered":"<p>Un week-end gourmand est programm\u00e9 pour le 02 mars ,tous les g\u00eetes sont r\u00e9quisitionn\u00e9s y compris l&rsquo;ardennais en&#x2692;mais on va y arriver &#8230;encore un bon coup et la douche sera fonctionnelle &#x1f6bf;<\/p>\n","protected":false},"author":1,"featured_media":0,"comment_status":"closed","ping_status":"closed","sticky":false,"template":"","format":"standard","meta":[],"categories":[1],"tags":[],"_links":{"self":[{"href":"http:\/\/www.gites-pre-des-poulains.fr\/index.php?rest_route=\/wp\/v2\/posts\/805"}],"collection":[{"href":"http:\/\/www.gites-pre-des-poulains.fr\/index.php?rest_route=\/wp\/v2\/posts"}],"about":[{"href":"http:\/\/www.gites-pre-des-poulains.fr\/index.php?rest_route=\/wp\/v2\/types\/post"}],"author":[{"embeddable":true,"href":"http:\/\/www.gites-pre-des-poulains.fr\/index.php?rest_route=\/wp\/v2\/users\/1"}],"replies":[{"embeddable":true,"href":"http:\/\/www.gites-pre-des-poulains.fr\/index.php?rest_route=%2Fwp%2Fv2%2Fcomments&post=805"}],"version-history":[{"count":2,"href":"http:\/\/www.gites-pre-des-poulains.fr\/index.php?rest_route=\/wp\/v2\/posts\/805\/revisions"}],"predecessor-version":[{"id":1042,"href":"http:\/\/www.gites-pre-des-poulains.fr\/index.php?rest_route=\/wp\/v2\/posts\/805\/revisions\/1042"}],"wp:attachment":[{"href":"http:\/\/www.gites-pre-des-poulains.fr\/index.php?rest_route=%2Fwp%2Fv2%2Fmedia&parent=805"}],"wp:term":[{"taxonomy":"category","embeddable":true,"href":"http:\/\/www.gites-pre-des-poulains.fr\/index.php?rest_route=%2Fwp%2Fv2%2Fcategories&post=805"},{"taxonomy":"post_tag","embeddable":true,"href":"http:\/\/www.gites-pre-des-poulains.fr\/index.php?rest_route=%2Fwp%2Fv2%2Ftags&post=805"}],"curies":[{"name":"wp","href":"https:\/\/api.w.org\/{rel}","templated":true}]}}