{"id":794,"date":"2018-01-14T21:29:13","date_gmt":"2018-01-14T20:29:13","guid":{"rendered":"http:\/\/www.gites-pre-des-poulains.fr\/?p=794"},"modified":"2022-03-16T17:43:27","modified_gmt":"2022-03-16T16:43:27","slug":"gros-chantier","status":"publish","type":"post","link":"http:\/\/www.gites-pre-des-poulains.fr\/?p=794","title":{"rendered":"Gros chantier"},"content":{"rendered":"<p>Aujourd&rsquo;hui les travaux de la salle de bain du g\u00eete l&rsquo;ardennais ont d\u00e9but\u00e9 .Il ne reste plus grand chose on  repart \u00e0 z\u00e9ro.Le plan n&rsquo;est pas encore arr\u00eat\u00e9 \u00e0&#8230;&#8230;suivre<img loading=\"lazy\" src=\"http:\/\/www.gites-pre-des-poulains.fr\/wp-content\/uploads\/2018\/01\/img_1063.jpg\" class=\"wp-image-793 size-full\" height=\"1124\" width=\"1500\" srcset=\"http:\/\/www.gites-pre-des-poulains.fr\/wp-content\/uploads\/2018\/01\/img_1063.jpg 1500w, http:\/\/www.gites-pre-des-poulains.fr\/wp-content\/uploads\/2018\/01\/img_1063-300x225.jpg 300w, http:\/\/www.gites-pre-des-poulains.fr\/wp-content\/uploads\/2018\/01\/img_1063-768x575.jpg 768w, http:\/\/www.gites-pre-des-poulains.fr\/wp-content\/uploads\/2018\/01\/img_1063-1024x767.jpg 1024w\" sizes=\"(max-width: 1500px) 100vw, 1500px\" \/><\/p>\n","protected":false},"excerpt":{"rendered":"<p>Aujourd&rsquo;hui les travaux de la salle de bain du g\u00eete l&rsquo;ardennais ont d\u00e9but\u00e9 .Il ne reste plus grand chose on repart \u00e0 z\u00e9ro.Le plan n&rsquo;est pas encore arr\u00eat\u00e9 \u00e0&#8230;&#8230;suivre<\/p>\n","protected":false},"author":1,"featured_media":0,"comment_status":"closed","ping_status":"closed","sticky":false,"template":"","format":"standard","meta":[],"categories":[1],"tags":[],"_links":{"self":[{"href":"http:\/\/www.gites-pre-des-poulains.fr\/index.php?rest_route=\/wp\/v2\/posts\/794"}],"collection":[{"href":"http:\/\/www.gites-pre-des-poulains.fr\/index.php?rest_route=\/wp\/v2\/posts"}],"about":[{"href":"http:\/\/www.gites-pre-des-poulains.fr\/index.php?rest_route=\/wp\/v2\/types\/post"}],"author":[{"embeddable":true,"href":"http:\/\/www.gites-pre-des-poulains.fr\/index.php?rest_route=\/wp\/v2\/users\/1"}],"replies":[{"embeddable":true,"href":"http:\/\/www.gites-pre-des-poulains.fr\/index.php?rest_route=%2Fwp%2Fv2%2Fcomments&post=794"}],"version-history":[{"count":1,"href":"http:\/\/www.gites-pre-des-poulains.fr\/index.php?rest_route=\/wp\/v2\/posts\/794\/revisions"}],"predecessor-version":[{"id":795,"href":"http:\/\/www.gites-pre-des-poulains.fr\/index.php?rest_route=\/wp\/v2\/posts\/794\/revisions\/795"}],"wp:attachment":[{"href":"http:\/\/www.gites-pre-des-poulains.fr\/index.php?rest_route=%2Fwp%2Fv2%2Fmedia&parent=794"}],"wp:term":[{"taxonomy":"category","embeddable":true,"href":"http:\/\/www.gites-pre-des-poulains.fr\/index.php?rest_route=%2Fwp%2Fv2%2Fcategories&post=794"},{"taxonomy":"post_tag","embeddable":true,"href":"http:\/\/www.gites-pre-des-poulains.fr\/index.php?rest_route=%2Fwp%2Fv2%2Ftags&post=794"}],"curies":[{"name":"wp","href":"https:\/\/api.w.org\/{rel}","templated":true}]}}