{"id":755,"date":"2017-10-13T17:59:00","date_gmt":"2017-10-13T16:59:00","guid":{"rendered":"http:\/\/www.gites-pre-des-poulains.fr\/?p=755"},"modified":"2022-03-16T17:41:21","modified_gmt":"2022-03-16T16:41:21","slug":"lautomne-au-jardin-cest-tout-ca","status":"publish","type":"post","link":"http:\/\/www.gites-pre-des-poulains.fr\/?p=755","title":{"rendered":"L&rsquo;automne au jardin &#8230;c&rsquo;est tout \u00e7a"},"content":{"rendered":"<p>Les couleurs changeantes,le ciel tant\u00f4t bleu tant\u00f4t noir,une montgolfi\u00e8re au loin,les derni\u00e8res fleurs,les l\u00e9gumes du jardin et surtout les feuilles&#8230;\u00e0 ramasser <\/p>\n<p><a href=\"http:\/\/www.gites-pre-des-poulains.fr\/wp-content\/uploads\/2017\/10\/img_0775.jpg\"><img src=\"http:\/\/www.gites-pre-des-poulains.fr\/wp-content\/uploads\/2017\/10\/img_0775.jpg\" alt=\"img_0775.jpg\" class=\"alignnone size-full\" \/><\/a><\/p>\n","protected":false},"excerpt":{"rendered":"<p>Les couleurs changeantes,le ciel tant\u00f4t bleu tant\u00f4t noir,une montgolfi\u00e8re au loin,les derni\u00e8res fleurs,les l\u00e9gumes du jardin et surtout les feuilles&#8230;\u00e0 ramasser<\/p>\n","protected":false},"author":1,"featured_media":0,"comment_status":"closed","ping_status":"closed","sticky":false,"template":"","format":"standard","meta":[],"categories":[1],"tags":[],"_links":{"self":[{"href":"http:\/\/www.gites-pre-des-poulains.fr\/index.php?rest_route=\/wp\/v2\/posts\/755"}],"collection":[{"href":"http:\/\/www.gites-pre-des-poulains.fr\/index.php?rest_route=\/wp\/v2\/posts"}],"about":[{"href":"http:\/\/www.gites-pre-des-poulains.fr\/index.php?rest_route=\/wp\/v2\/types\/post"}],"author":[{"embeddable":true,"href":"http:\/\/www.gites-pre-des-poulains.fr\/index.php?rest_route=\/wp\/v2\/users\/1"}],"replies":[{"embeddable":true,"href":"http:\/\/www.gites-pre-des-poulains.fr\/index.php?rest_route=%2Fwp%2Fv2%2Fcomments&post=755"}],"version-history":[{"count":1,"href":"http:\/\/www.gites-pre-des-poulains.fr\/index.php?rest_route=\/wp\/v2\/posts\/755\/revisions"}],"predecessor-version":[{"id":756,"href":"http:\/\/www.gites-pre-des-poulains.fr\/index.php?rest_route=\/wp\/v2\/posts\/755\/revisions\/756"}],"wp:attachment":[{"href":"http:\/\/www.gites-pre-des-poulains.fr\/index.php?rest_route=%2Fwp%2Fv2%2Fmedia&parent=755"}],"wp:term":[{"taxonomy":"category","embeddable":true,"href":"http:\/\/www.gites-pre-des-poulains.fr\/index.php?rest_route=%2Fwp%2Fv2%2Fcategories&post=755"},{"taxonomy":"post_tag","embeddable":true,"href":"http:\/\/www.gites-pre-des-poulains.fr\/index.php?rest_route=%2Fwp%2Fv2%2Ftags&post=755"}],"curies":[{"name":"wp","href":"https:\/\/api.w.org\/{rel}","templated":true}]}}