{"id":749,"date":"2017-08-31T10:48:56","date_gmt":"2017-08-31T09:48:56","guid":{"rendered":"http:\/\/www.gites-pre-des-poulains.fr\/?p=749"},"modified":"2022-03-16T17:41:28","modified_gmt":"2022-03-16T16:41:28","slug":"vendanges-cremant-2017","status":"publish","type":"post","link":"http:\/\/www.gites-pre-des-poulains.fr\/?p=749","title":{"rendered":"Vendanges cr\u00e9mant 2017"},"content":{"rendered":"<p>28 ao\u00fbt d\u00e9but des vendanges cr\u00e9mant.Sous une chaleur caniculaire les premi\u00e8res grappes sont coup\u00e9es de bonne qualit\u00e9 et un bon rendement.<\/p>\n<p><a href=\"http:\/\/www.gites-pre-des-poulains.fr\/wp-content\/uploads\/2017\/08\/img_0562.jpg\"><img src=\"http:\/\/www.gites-pre-des-poulains.fr\/wp-content\/uploads\/2017\/08\/img_0562.jpg\" alt=\"img_0562.jpg\" class=\"alignnone size-full\" \/><\/a><\/p>\n<p><a href=\"http:\/\/www.gites-pre-des-poulains.fr\/wp-content\/uploads\/2017\/08\/img_0563.jpg\"><img src=\"http:\/\/www.gites-pre-des-poulains.fr\/wp-content\/uploads\/2017\/08\/img_0563.jpg\" alt=\"img_0563.jpg\" class=\"alignnone size-full\" \/><\/a><\/p>\n<p><a href=\"http:\/\/www.gites-pre-des-poulains.fr\/wp-content\/uploads\/2017\/08\/img_0561.jpg\"><img src=\"http:\/\/www.gites-pre-des-poulains.fr\/wp-content\/uploads\/2017\/08\/img_0561.jpg\" alt=\"img_0561.jpg\" class=\"alignnone size-full\" \/><\/a><\/p>\n","protected":false},"excerpt":{"rendered":"<p>28 ao\u00fbt d\u00e9but des vendanges cr\u00e9mant.Sous une chaleur caniculaire les premi\u00e8res grappes sont coup\u00e9es de bonne qualit\u00e9 et un bon rendement.<\/p>\n","protected":false},"author":1,"featured_media":0,"comment_status":"closed","ping_status":"closed","sticky":false,"template":"","format":"standard","meta":[],"categories":[1],"tags":[],"_links":{"self":[{"href":"http:\/\/www.gites-pre-des-poulains.fr\/index.php?rest_route=\/wp\/v2\/posts\/749"}],"collection":[{"href":"http:\/\/www.gites-pre-des-poulains.fr\/index.php?rest_route=\/wp\/v2\/posts"}],"about":[{"href":"http:\/\/www.gites-pre-des-poulains.fr\/index.php?rest_route=\/wp\/v2\/types\/post"}],"author":[{"embeddable":true,"href":"http:\/\/www.gites-pre-des-poulains.fr\/index.php?rest_route=\/wp\/v2\/users\/1"}],"replies":[{"embeddable":true,"href":"http:\/\/www.gites-pre-des-poulains.fr\/index.php?rest_route=%2Fwp%2Fv2%2Fcomments&post=749"}],"version-history":[{"count":1,"href":"http:\/\/www.gites-pre-des-poulains.fr\/index.php?rest_route=\/wp\/v2\/posts\/749\/revisions"}],"predecessor-version":[{"id":750,"href":"http:\/\/www.gites-pre-des-poulains.fr\/index.php?rest_route=\/wp\/v2\/posts\/749\/revisions\/750"}],"wp:attachment":[{"href":"http:\/\/www.gites-pre-des-poulains.fr\/index.php?rest_route=%2Fwp%2Fv2%2Fmedia&parent=749"}],"wp:term":[{"taxonomy":"category","embeddable":true,"href":"http:\/\/www.gites-pre-des-poulains.fr\/index.php?rest_route=%2Fwp%2Fv2%2Fcategories&post=749"},{"taxonomy":"post_tag","embeddable":true,"href":"http:\/\/www.gites-pre-des-poulains.fr\/index.php?rest_route=%2Fwp%2Fv2%2Ftags&post=749"}],"curies":[{"name":"wp","href":"https:\/\/api.w.org\/{rel}","templated":true}]}}