{"id":674,"date":"2017-05-03T11:48:49","date_gmt":"2017-05-03T10:48:49","guid":{"rendered":"http:\/\/www.gites-pre-des-poulains.fr\/?p=674"},"modified":"2022-03-16T17:41:48","modified_gmt":"2022-03-16T16:41:48","slug":"les-voilas-lembleme-de-lalsace","status":"publish","type":"post","link":"http:\/\/www.gites-pre-des-poulains.fr\/?p=674","title":{"rendered":"\u00a0Les voil\u00e0s&#8230;.l&#8217;embl\u00e8me de l&rsquo;Alsace."},"content":{"rendered":"<p>Faut-il planter ou pas &#8230;.sachant que le g\u00e9ranium aime la chaleur et aujourd&rsquo;hui le mercure ne d\u00e9passe pas les 18 degr\u00e9s et les nuits sont encore tr\u00e8s fra\u00eeches .Allons pour les coins prot\u00e9g\u00e9s<a href=\"http:\/\/www.gites-pre-des-poulains.fr\/wp-content\/uploads\/2017\/05\/img_0042.jpg\"><img loading=\"lazy\" src=\"http:\/\/www.gites-pre-des-poulains.fr\/wp-content\/uploads\/2017\/05\/img_0042.jpg\" alt=\"\" width=\"2592\" height=\"1936\" class=\"alignnone size-full wp-image-673\" srcset=\"http:\/\/www.gites-pre-des-poulains.fr\/wp-content\/uploads\/2017\/05\/img_0042.jpg 2592w, http:\/\/www.gites-pre-des-poulains.fr\/wp-content\/uploads\/2017\/05\/img_0042-300x224.jpg 300w, http:\/\/www.gites-pre-des-poulains.fr\/wp-content\/uploads\/2017\/05\/img_0042-768x574.jpg 768w, http:\/\/www.gites-pre-des-poulains.fr\/wp-content\/uploads\/2017\/05\/img_0042-1024x765.jpg 1024w\" sizes=\"(max-width: 2592px) 100vw, 2592px\" \/><\/a><\/p>\n","protected":false},"excerpt":{"rendered":"<p>Faut-il planter ou pas &#8230;.sachant que le g\u00e9ranium aime la chaleur et aujourd&rsquo;hui le mercure ne d\u00e9passe pas les 18 degr\u00e9s et les nuits sont encore tr\u00e8s fra\u00eeches .Allons pour les coins prot\u00e9g\u00e9s<\/p>\n","protected":false},"author":1,"featured_media":0,"comment_status":"closed","ping_status":"closed","sticky":false,"template":"","format":"standard","meta":[],"categories":[1],"tags":[],"_links":{"self":[{"href":"http:\/\/www.gites-pre-des-poulains.fr\/index.php?rest_route=\/wp\/v2\/posts\/674"}],"collection":[{"href":"http:\/\/www.gites-pre-des-poulains.fr\/index.php?rest_route=\/wp\/v2\/posts"}],"about":[{"href":"http:\/\/www.gites-pre-des-poulains.fr\/index.php?rest_route=\/wp\/v2\/types\/post"}],"author":[{"embeddable":true,"href":"http:\/\/www.gites-pre-des-poulains.fr\/index.php?rest_route=\/wp\/v2\/users\/1"}],"replies":[{"embeddable":true,"href":"http:\/\/www.gites-pre-des-poulains.fr\/index.php?rest_route=%2Fwp%2Fv2%2Fcomments&post=674"}],"version-history":[{"count":2,"href":"http:\/\/www.gites-pre-des-poulains.fr\/index.php?rest_route=\/wp\/v2\/posts\/674\/revisions"}],"predecessor-version":[{"id":676,"href":"http:\/\/www.gites-pre-des-poulains.fr\/index.php?rest_route=\/wp\/v2\/posts\/674\/revisions\/676"}],"wp:attachment":[{"href":"http:\/\/www.gites-pre-des-poulains.fr\/index.php?rest_route=%2Fwp%2Fv2%2Fmedia&parent=674"}],"wp:term":[{"taxonomy":"category","embeddable":true,"href":"http:\/\/www.gites-pre-des-poulains.fr\/index.php?rest_route=%2Fwp%2Fv2%2Fcategories&post=674"},{"taxonomy":"post_tag","embeddable":true,"href":"http:\/\/www.gites-pre-des-poulains.fr\/index.php?rest_route=%2Fwp%2Fv2%2Ftags&post=674"}],"curies":[{"name":"wp","href":"https:\/\/api.w.org\/{rel}","templated":true}]}}