{"id":667,"date":"2017-04-16T11:20:07","date_gmt":"2017-04-16T10:20:07","guid":{"rendered":"http:\/\/www.gites-pre-des-poulains.fr\/?p=667"},"modified":"2022-03-16T17:41:52","modified_gmt":"2022-03-16T16:41:52","slug":"joyeuses-paques-2","status":"publish","type":"post","link":"http:\/\/www.gites-pre-des-poulains.fr\/?p=667","title":{"rendered":"Joyeuses P\u00e2ques\u00a0"},"content":{"rendered":"<p>La table est pr\u00e9par\u00e9e chez Jo elle cuisine pour passer une agr\u00e9able journ\u00e9e&nbsp;<a href=\"http:\/\/www.gites-pre-des-poulains.fr\/wp-content\/uploads\/2017\/04\/img_0025.jpg\"><img loading=\"lazy\" src=\"http:\/\/www.gites-pre-des-poulains.fr\/wp-content\/uploads\/2017\/04\/img_0025.jpg\" alt=\"\" width=\"2592\" height=\"1936\" class=\"alignnone size-full wp-image-666\" srcset=\"http:\/\/www.gites-pre-des-poulains.fr\/wp-content\/uploads\/2017\/04\/img_0025.jpg 2592w, http:\/\/www.gites-pre-des-poulains.fr\/wp-content\/uploads\/2017\/04\/img_0025-300x224.jpg 300w, http:\/\/www.gites-pre-des-poulains.fr\/wp-content\/uploads\/2017\/04\/img_0025-768x574.jpg 768w, http:\/\/www.gites-pre-des-poulains.fr\/wp-content\/uploads\/2017\/04\/img_0025-1024x765.jpg 1024w\" sizes=\"(max-width: 2592px) 100vw, 2592px\" \/><\/a><\/p>\n","protected":false},"excerpt":{"rendered":"<p>La table est pr\u00e9par\u00e9e chez Jo elle cuisine pour passer une agr\u00e9able journ\u00e9e&nbsp;<\/p>\n","protected":false},"author":1,"featured_media":0,"comment_status":"closed","ping_status":"closed","sticky":false,"template":"","format":"standard","meta":[],"categories":[1],"tags":[],"_links":{"self":[{"href":"http:\/\/www.gites-pre-des-poulains.fr\/index.php?rest_route=\/wp\/v2\/posts\/667"}],"collection":[{"href":"http:\/\/www.gites-pre-des-poulains.fr\/index.php?rest_route=\/wp\/v2\/posts"}],"about":[{"href":"http:\/\/www.gites-pre-des-poulains.fr\/index.php?rest_route=\/wp\/v2\/types\/post"}],"author":[{"embeddable":true,"href":"http:\/\/www.gites-pre-des-poulains.fr\/index.php?rest_route=\/wp\/v2\/users\/1"}],"replies":[{"embeddable":true,"href":"http:\/\/www.gites-pre-des-poulains.fr\/index.php?rest_route=%2Fwp%2Fv2%2Fcomments&post=667"}],"version-history":[{"count":1,"href":"http:\/\/www.gites-pre-des-poulains.fr\/index.php?rest_route=\/wp\/v2\/posts\/667\/revisions"}],"predecessor-version":[{"id":668,"href":"http:\/\/www.gites-pre-des-poulains.fr\/index.php?rest_route=\/wp\/v2\/posts\/667\/revisions\/668"}],"wp:attachment":[{"href":"http:\/\/www.gites-pre-des-poulains.fr\/index.php?rest_route=%2Fwp%2Fv2%2Fmedia&parent=667"}],"wp:term":[{"taxonomy":"category","embeddable":true,"href":"http:\/\/www.gites-pre-des-poulains.fr\/index.php?rest_route=%2Fwp%2Fv2%2Fcategories&post=667"},{"taxonomy":"post_tag","embeddable":true,"href":"http:\/\/www.gites-pre-des-poulains.fr\/index.php?rest_route=%2Fwp%2Fv2%2Ftags&post=667"}],"curies":[{"name":"wp","href":"https:\/\/api.w.org\/{rel}","templated":true}]}}