{"id":602,"date":"2016-07-30T18:29:13","date_gmt":"2016-07-30T17:29:13","guid":{"rendered":"http:\/\/www.gites-pre-des-poulains.fr\/?p=602"},"modified":"2022-03-16T17:39:43","modified_gmt":"2022-03-16T16:39:43","slug":"agreable","status":"publish","type":"post","link":"http:\/\/www.gites-pre-des-poulains.fr\/?p=602","title":{"rendered":"Agr\u00e9able&#8230;.."},"content":{"rendered":"<p>Agr\u00e9able de pr\u00e9parer le g\u00eete pour les prochains h\u00f4tes<\/p>\n<p>Agr\u00e9able de regarder par la\u00a0 fen\u00eatre du g\u00eete l&rsquo;Ardennais<\/p>\n<p>Agr\u00e9able de sentir la bruine du canon<\/p>\n<p>Agr\u00e9able de contempler cette belle vue<\/p>\n<p>Agr\u00e9able de r\u00eavasser<\/p>\n","protected":false},"excerpt":{"rendered":"<p>Agr\u00e9able de pr\u00e9parer le g\u00eete pour les prochains h\u00f4tes Agr\u00e9able de regarder par la\u00a0 fen\u00eatre du g\u00eete l&rsquo;Ardennais Agr\u00e9able de sentir la bruine du canon Agr\u00e9able de contempler cette belle vue Agr\u00e9able de r\u00eavasser<\/p>\n","protected":false},"author":1,"featured_media":603,"comment_status":"closed","ping_status":"closed","sticky":false,"template":"","format":"standard","meta":[],"categories":[1],"tags":[46,47],"_links":{"self":[{"href":"http:\/\/www.gites-pre-des-poulains.fr\/index.php?rest_route=\/wp\/v2\/posts\/602"}],"collection":[{"href":"http:\/\/www.gites-pre-des-poulains.fr\/index.php?rest_route=\/wp\/v2\/posts"}],"about":[{"href":"http:\/\/www.gites-pre-des-poulains.fr\/index.php?rest_route=\/wp\/v2\/types\/post"}],"author":[{"embeddable":true,"href":"http:\/\/www.gites-pre-des-poulains.fr\/index.php?rest_route=\/wp\/v2\/users\/1"}],"replies":[{"embeddable":true,"href":"http:\/\/www.gites-pre-des-poulains.fr\/index.php?rest_route=%2Fwp%2Fv2%2Fcomments&post=602"}],"version-history":[{"count":1,"href":"http:\/\/www.gites-pre-des-poulains.fr\/index.php?rest_route=\/wp\/v2\/posts\/602\/revisions"}],"predecessor-version":[{"id":605,"href":"http:\/\/www.gites-pre-des-poulains.fr\/index.php?rest_route=\/wp\/v2\/posts\/602\/revisions\/605"}],"wp:featuredmedia":[{"embeddable":true,"href":"http:\/\/www.gites-pre-des-poulains.fr\/index.php?rest_route=\/wp\/v2\/media\/603"}],"wp:attachment":[{"href":"http:\/\/www.gites-pre-des-poulains.fr\/index.php?rest_route=%2Fwp%2Fv2%2Fmedia&parent=602"}],"wp:term":[{"taxonomy":"category","embeddable":true,"href":"http:\/\/www.gites-pre-des-poulains.fr\/index.php?rest_route=%2Fwp%2Fv2%2Fcategories&post=602"},{"taxonomy":"post_tag","embeddable":true,"href":"http:\/\/www.gites-pre-des-poulains.fr\/index.php?rest_route=%2Fwp%2Fv2%2Ftags&post=602"}],"curies":[{"name":"wp","href":"https:\/\/api.w.org\/{rel}","templated":true}]}}