{"id":585,"date":"2016-03-31T17:16:45","date_gmt":"2016-03-31T16:16:45","guid":{"rendered":"http:\/\/www.gites-pre-des-poulains.fr\/?p=585"},"modified":"2022-03-16T17:39:59","modified_gmt":"2022-03-16T16:39:59","slug":"peau-neuve","status":"publish","type":"post","link":"http:\/\/www.gites-pre-des-poulains.fr\/?p=585","title":{"rendered":"Peau neuve"},"content":{"rendered":"<p>Petit d\u00e9tail de la chambre parentale dans le g\u00eete l&rsquo;ardennais.Deco naturelle et campagnarde &#8230;.A vous de d\u00e9couvrir.<\/p>\n","protected":false},"excerpt":{"rendered":"<p>Petit d\u00e9tail de la chambre parentale dans le g\u00eete l&rsquo;ardennais.Deco naturelle et campagnarde &#8230;.A vous de d\u00e9couvrir.<\/p>\n","protected":false},"author":1,"featured_media":586,"comment_status":"closed","ping_status":"closed","sticky":false,"template":"","format":"standard","meta":[],"categories":[1],"tags":[41],"_links":{"self":[{"href":"http:\/\/www.gites-pre-des-poulains.fr\/index.php?rest_route=\/wp\/v2\/posts\/585"}],"collection":[{"href":"http:\/\/www.gites-pre-des-poulains.fr\/index.php?rest_route=\/wp\/v2\/posts"}],"about":[{"href":"http:\/\/www.gites-pre-des-poulains.fr\/index.php?rest_route=\/wp\/v2\/types\/post"}],"author":[{"embeddable":true,"href":"http:\/\/www.gites-pre-des-poulains.fr\/index.php?rest_route=\/wp\/v2\/users\/1"}],"replies":[{"embeddable":true,"href":"http:\/\/www.gites-pre-des-poulains.fr\/index.php?rest_route=%2Fwp%2Fv2%2Fcomments&post=585"}],"version-history":[{"count":1,"href":"http:\/\/www.gites-pre-des-poulains.fr\/index.php?rest_route=\/wp\/v2\/posts\/585\/revisions"}],"predecessor-version":[{"id":587,"href":"http:\/\/www.gites-pre-des-poulains.fr\/index.php?rest_route=\/wp\/v2\/posts\/585\/revisions\/587"}],"wp:featuredmedia":[{"embeddable":true,"href":"http:\/\/www.gites-pre-des-poulains.fr\/index.php?rest_route=\/wp\/v2\/media\/586"}],"wp:attachment":[{"href":"http:\/\/www.gites-pre-des-poulains.fr\/index.php?rest_route=%2Fwp%2Fv2%2Fmedia&parent=585"}],"wp:term":[{"taxonomy":"category","embeddable":true,"href":"http:\/\/www.gites-pre-des-poulains.fr\/index.php?rest_route=%2Fwp%2Fv2%2Fcategories&post=585"},{"taxonomy":"post_tag","embeddable":true,"href":"http:\/\/www.gites-pre-des-poulains.fr\/index.php?rest_route=%2Fwp%2Fv2%2Ftags&post=585"}],"curies":[{"name":"wp","href":"https:\/\/api.w.org\/{rel}","templated":true}]}}