{"id":580,"date":"2016-03-15T19:34:43","date_gmt":"2016-03-15T18:34:43","guid":{"rendered":"http:\/\/www.gites-pre-des-poulains.fr\/?p=580"},"modified":"2022-03-16T17:40:03","modified_gmt":"2022-03-16T16:40:03","slug":"travaux","status":"publish","type":"post","link":"http:\/\/www.gites-pre-des-poulains.fr\/?p=580","title":{"rendered":"Travaux"},"content":{"rendered":"<p>Tr\u00e8s peu pr\u00e9sente actuellement. En plein travaux de r\u00e9fection dans le g\u00eete l&rsquo;ardennais.Le temps presse les premiers vacanciers sont annonc\u00e9s.A bient\u00f4t pour la suite.<\/p>\n","protected":false},"excerpt":{"rendered":"<p>Tr\u00e8s peu pr\u00e9sente actuellement. En plein travaux de r\u00e9fection dans le g\u00eete l&rsquo;ardennais.Le temps presse les premiers vacanciers sont annonc\u00e9s.A bient\u00f4t pour la suite.<\/p>\n","protected":false},"author":1,"featured_media":582,"comment_status":"closed","ping_status":"closed","sticky":false,"template":"","format":"standard","meta":[],"categories":[1],"tags":[40],"_links":{"self":[{"href":"http:\/\/www.gites-pre-des-poulains.fr\/index.php?rest_route=\/wp\/v2\/posts\/580"}],"collection":[{"href":"http:\/\/www.gites-pre-des-poulains.fr\/index.php?rest_route=\/wp\/v2\/posts"}],"about":[{"href":"http:\/\/www.gites-pre-des-poulains.fr\/index.php?rest_route=\/wp\/v2\/types\/post"}],"author":[{"embeddable":true,"href":"http:\/\/www.gites-pre-des-poulains.fr\/index.php?rest_route=\/wp\/v2\/users\/1"}],"replies":[{"embeddable":true,"href":"http:\/\/www.gites-pre-des-poulains.fr\/index.php?rest_route=%2Fwp%2Fv2%2Fcomments&post=580"}],"version-history":[{"count":1,"href":"http:\/\/www.gites-pre-des-poulains.fr\/index.php?rest_route=\/wp\/v2\/posts\/580\/revisions"}],"predecessor-version":[{"id":583,"href":"http:\/\/www.gites-pre-des-poulains.fr\/index.php?rest_route=\/wp\/v2\/posts\/580\/revisions\/583"}],"wp:featuredmedia":[{"embeddable":true,"href":"http:\/\/www.gites-pre-des-poulains.fr\/index.php?rest_route=\/wp\/v2\/media\/582"}],"wp:attachment":[{"href":"http:\/\/www.gites-pre-des-poulains.fr\/index.php?rest_route=%2Fwp%2Fv2%2Fmedia&parent=580"}],"wp:term":[{"taxonomy":"category","embeddable":true,"href":"http:\/\/www.gites-pre-des-poulains.fr\/index.php?rest_route=%2Fwp%2Fv2%2Fcategories&post=580"},{"taxonomy":"post_tag","embeddable":true,"href":"http:\/\/www.gites-pre-des-poulains.fr\/index.php?rest_route=%2Fwp%2Fv2%2Ftags&post=580"}],"curies":[{"name":"wp","href":"https:\/\/api.w.org\/{rel}","templated":true}]}}