{"id":557,"date":"2016-02-06T16:55:47","date_gmt":"2016-02-06T15:55:47","guid":{"rendered":"http:\/\/www.gites-pre-des-poulains.fr\/?p=557"},"modified":"2022-03-16T17:40:20","modified_gmt":"2022-03-16T16:40:20","slug":"ce-dimanche-a-table","status":"publish","type":"post","link":"http:\/\/www.gites-pre-des-poulains.fr\/?p=557","title":{"rendered":"Ce dimanche \u00e0 table"},"content":{"rendered":"<p>Inviter le printemps \u00e0 notre table et servir un plat hivernal.L&rsquo;incontournable pot\u00e9e boulang\u00e8re \u00ab\u00a0Baeckeoffe\u00a0\u00bbest appr\u00e9ci\u00e9 \u00e0 toutes les saisons avec une petite salade !!!Un r\u00e9gal<\/p>\n","protected":false},"excerpt":{"rendered":"<p>Inviter le printemps \u00e0 notre table et servir un plat hivernal.L&rsquo;incontournable pot\u00e9e boulang\u00e8re \u00ab\u00a0Baeckeoffe\u00a0\u00bbest appr\u00e9ci\u00e9 \u00e0 toutes les saisons avec une petite salade !!!Un r\u00e9gal<\/p>\n","protected":false},"author":1,"featured_media":558,"comment_status":"closed","ping_status":"closed","sticky":false,"template":"","format":"standard","meta":[],"categories":[1],"tags":[38],"_links":{"self":[{"href":"http:\/\/www.gites-pre-des-poulains.fr\/index.php?rest_route=\/wp\/v2\/posts\/557"}],"collection":[{"href":"http:\/\/www.gites-pre-des-poulains.fr\/index.php?rest_route=\/wp\/v2\/posts"}],"about":[{"href":"http:\/\/www.gites-pre-des-poulains.fr\/index.php?rest_route=\/wp\/v2\/types\/post"}],"author":[{"embeddable":true,"href":"http:\/\/www.gites-pre-des-poulains.fr\/index.php?rest_route=\/wp\/v2\/users\/1"}],"replies":[{"embeddable":true,"href":"http:\/\/www.gites-pre-des-poulains.fr\/index.php?rest_route=%2Fwp%2Fv2%2Fcomments&post=557"}],"version-history":[{"count":2,"href":"http:\/\/www.gites-pre-des-poulains.fr\/index.php?rest_route=\/wp\/v2\/posts\/557\/revisions"}],"predecessor-version":[{"id":560,"href":"http:\/\/www.gites-pre-des-poulains.fr\/index.php?rest_route=\/wp\/v2\/posts\/557\/revisions\/560"}],"wp:featuredmedia":[{"embeddable":true,"href":"http:\/\/www.gites-pre-des-poulains.fr\/index.php?rest_route=\/wp\/v2\/media\/558"}],"wp:attachment":[{"href":"http:\/\/www.gites-pre-des-poulains.fr\/index.php?rest_route=%2Fwp%2Fv2%2Fmedia&parent=557"}],"wp:term":[{"taxonomy":"category","embeddable":true,"href":"http:\/\/www.gites-pre-des-poulains.fr\/index.php?rest_route=%2Fwp%2Fv2%2Fcategories&post=557"},{"taxonomy":"post_tag","embeddable":true,"href":"http:\/\/www.gites-pre-des-poulains.fr\/index.php?rest_route=%2Fwp%2Fv2%2Ftags&post=557"}],"curies":[{"name":"wp","href":"https:\/\/api.w.org\/{rel}","templated":true}]}}