{"id":503,"date":"2015-11-01T16:16:41","date_gmt":"2015-11-01T15:16:41","guid":{"rendered":"http:\/\/www.gites-pre-des-poulains.fr\/?p=503"},"modified":"2022-03-16T17:37:43","modified_gmt":"2022-03-16T16:37:43","slug":"arc-en-ciel-de-couleurs","status":"publish","type":"post","link":"http:\/\/www.gites-pre-des-poulains.fr\/?p=503","title":{"rendered":"Arc en ciel de couleurs"},"content":{"rendered":"<p>Cette ann\u00e9e nous sommes particuli\u00e8rement\u00a0g\u00e2t\u00e9s par dame nature.Elle nous offre un arc en ciel de couleurs automnales qui rendent nos journ\u00e9es moins tristounettes.<\/p>\n","protected":false},"excerpt":{"rendered":"<p>Cette ann\u00e9e nous sommes particuli\u00e8rement\u00a0g\u00e2t\u00e9s par dame nature.Elle nous offre un arc en ciel de couleurs automnales qui rendent nos journ\u00e9es moins tristounettes.<\/p>\n","protected":false},"author":1,"featured_media":504,"comment_status":"closed","ping_status":"closed","sticky":false,"template":"","format":"standard","meta":[],"categories":[1],"tags":[27,26],"_links":{"self":[{"href":"http:\/\/www.gites-pre-des-poulains.fr\/index.php?rest_route=\/wp\/v2\/posts\/503"}],"collection":[{"href":"http:\/\/www.gites-pre-des-poulains.fr\/index.php?rest_route=\/wp\/v2\/posts"}],"about":[{"href":"http:\/\/www.gites-pre-des-poulains.fr\/index.php?rest_route=\/wp\/v2\/types\/post"}],"author":[{"embeddable":true,"href":"http:\/\/www.gites-pre-des-poulains.fr\/index.php?rest_route=\/wp\/v2\/users\/1"}],"replies":[{"embeddable":true,"href":"http:\/\/www.gites-pre-des-poulains.fr\/index.php?rest_route=%2Fwp%2Fv2%2Fcomments&post=503"}],"version-history":[{"count":2,"href":"http:\/\/www.gites-pre-des-poulains.fr\/index.php?rest_route=\/wp\/v2\/posts\/503\/revisions"}],"predecessor-version":[{"id":506,"href":"http:\/\/www.gites-pre-des-poulains.fr\/index.php?rest_route=\/wp\/v2\/posts\/503\/revisions\/506"}],"wp:featuredmedia":[{"embeddable":true,"href":"http:\/\/www.gites-pre-des-poulains.fr\/index.php?rest_route=\/wp\/v2\/media\/504"}],"wp:attachment":[{"href":"http:\/\/www.gites-pre-des-poulains.fr\/index.php?rest_route=%2Fwp%2Fv2%2Fmedia&parent=503"}],"wp:term":[{"taxonomy":"category","embeddable":true,"href":"http:\/\/www.gites-pre-des-poulains.fr\/index.php?rest_route=%2Fwp%2Fv2%2Fcategories&post=503"},{"taxonomy":"post_tag","embeddable":true,"href":"http:\/\/www.gites-pre-des-poulains.fr\/index.php?rest_route=%2Fwp%2Fv2%2Ftags&post=503"}],"curies":[{"name":"wp","href":"https:\/\/api.w.org\/{rel}","templated":true}]}}