{"id":497,"date":"2015-10-20T21:53:04","date_gmt":"2015-10-20T20:53:04","guid":{"rendered":"http:\/\/www.gites-pre-des-poulains.fr\/?p=497"},"modified":"2022-03-16T17:37:46","modified_gmt":"2022-03-16T16:37:46","slug":"automne-me-voila-6","status":"publish","type":"post","link":"http:\/\/www.gites-pre-des-poulains.fr\/?p=497","title":{"rendered":"Automne me voil\u00e0"},"content":{"rendered":"<p>Les derni\u00e8res couleurs chatoyantes avant les premi\u00e8res gel\u00e9es .Ramassons vite fleurs et fruits<\/p>\n","protected":false},"excerpt":{"rendered":"<p>Les derni\u00e8res couleurs chatoyantes avant les premi\u00e8res gel\u00e9es .Ramassons vite fleurs et fruits<\/p>\n","protected":false},"author":1,"featured_media":498,"comment_status":"closed","ping_status":"closed","sticky":false,"template":"","format":"standard","meta":[],"categories":[1],"tags":[],"_links":{"self":[{"href":"http:\/\/www.gites-pre-des-poulains.fr\/index.php?rest_route=\/wp\/v2\/posts\/497"}],"collection":[{"href":"http:\/\/www.gites-pre-des-poulains.fr\/index.php?rest_route=\/wp\/v2\/posts"}],"about":[{"href":"http:\/\/www.gites-pre-des-poulains.fr\/index.php?rest_route=\/wp\/v2\/types\/post"}],"author":[{"embeddable":true,"href":"http:\/\/www.gites-pre-des-poulains.fr\/index.php?rest_route=\/wp\/v2\/users\/1"}],"replies":[{"embeddable":true,"href":"http:\/\/www.gites-pre-des-poulains.fr\/index.php?rest_route=%2Fwp%2Fv2%2Fcomments&post=497"}],"version-history":[{"count":1,"href":"http:\/\/www.gites-pre-des-poulains.fr\/index.php?rest_route=\/wp\/v2\/posts\/497\/revisions"}],"predecessor-version":[{"id":500,"href":"http:\/\/www.gites-pre-des-poulains.fr\/index.php?rest_route=\/wp\/v2\/posts\/497\/revisions\/500"}],"wp:featuredmedia":[{"embeddable":true,"href":"http:\/\/www.gites-pre-des-poulains.fr\/index.php?rest_route=\/wp\/v2\/media\/498"}],"wp:attachment":[{"href":"http:\/\/www.gites-pre-des-poulains.fr\/index.php?rest_route=%2Fwp%2Fv2%2Fmedia&parent=497"}],"wp:term":[{"taxonomy":"category","embeddable":true,"href":"http:\/\/www.gites-pre-des-poulains.fr\/index.php?rest_route=%2Fwp%2Fv2%2Fcategories&post=497"},{"taxonomy":"post_tag","embeddable":true,"href":"http:\/\/www.gites-pre-des-poulains.fr\/index.php?rest_route=%2Fwp%2Fv2%2Ftags&post=497"}],"curies":[{"name":"wp","href":"https:\/\/api.w.org\/{rel}","templated":true}]}}