{"id":229,"date":"2015-01-20T12:53:40","date_gmt":"2015-01-20T11:53:40","guid":{"rendered":"http:\/\/www.gites-pre-des-poulains.fr\/?p=229"},"modified":"2022-03-16T17:36:01","modified_gmt":"2022-03-16T16:36:01","slug":"deco-avec-de-vieux-livres","status":"publish","type":"post","link":"http:\/\/www.gites-pre-des-poulains.fr\/?p=229","title":{"rendered":"D\u00e9co avec de vieux livres"},"content":{"rendered":"<p>Mon tableau electrique bien en vue et pas tr\u00e8s beau.Le voil\u00e0 relook\u00e9 avec de vieux livres et des photos de Robert Doisneau un peu de peinture et le tour est jou\u00e9<a href=\"http:\/\/www.gites-pre-des-poulains.fr\/wp-content\/uploads\/2015\/01\/P1200046_opt1.jpg\"><img loading=\"lazy\" class=\"alignnone size-full wp-image-231\" src=\"http:\/\/www.gites-pre-des-poulains.fr\/wp-content\/uploads\/2015\/01\/P1200046_opt1.jpg\" alt=\"OLYMPUS DIGITAL CAMERA\" width=\"400\" height=\"300\" srcset=\"http:\/\/www.gites-pre-des-poulains.fr\/wp-content\/uploads\/2015\/01\/P1200046_opt1.jpg 400w, http:\/\/www.gites-pre-des-poulains.fr\/wp-content\/uploads\/2015\/01\/P1200046_opt1-300x225.jpg 300w\" sizes=\"(max-width: 400px) 100vw, 400px\" \/><\/a><\/p>\n","protected":false},"excerpt":{"rendered":"<p>Mon tableau electrique bien en vue et pas tr\u00e8s beau.Le voil\u00e0 relook\u00e9 avec de vieux livres et des photos de Robert Doisneau un peu de peinture et le tour est jou\u00e9<\/p>\n","protected":false},"author":1,"featured_media":230,"comment_status":"closed","ping_status":"closed","sticky":false,"template":"","format":"standard","meta":[],"categories":[1],"tags":[9,11],"_links":{"self":[{"href":"http:\/\/www.gites-pre-des-poulains.fr\/index.php?rest_route=\/wp\/v2\/posts\/229"}],"collection":[{"href":"http:\/\/www.gites-pre-des-poulains.fr\/index.php?rest_route=\/wp\/v2\/posts"}],"about":[{"href":"http:\/\/www.gites-pre-des-poulains.fr\/index.php?rest_route=\/wp\/v2\/types\/post"}],"author":[{"embeddable":true,"href":"http:\/\/www.gites-pre-des-poulains.fr\/index.php?rest_route=\/wp\/v2\/users\/1"}],"replies":[{"embeddable":true,"href":"http:\/\/www.gites-pre-des-poulains.fr\/index.php?rest_route=%2Fwp%2Fv2%2Fcomments&post=229"}],"version-history":[{"count":1,"href":"http:\/\/www.gites-pre-des-poulains.fr\/index.php?rest_route=\/wp\/v2\/posts\/229\/revisions"}],"predecessor-version":[{"id":232,"href":"http:\/\/www.gites-pre-des-poulains.fr\/index.php?rest_route=\/wp\/v2\/posts\/229\/revisions\/232"}],"wp:featuredmedia":[{"embeddable":true,"href":"http:\/\/www.gites-pre-des-poulains.fr\/index.php?rest_route=\/wp\/v2\/media\/230"}],"wp:attachment":[{"href":"http:\/\/www.gites-pre-des-poulains.fr\/index.php?rest_route=%2Fwp%2Fv2%2Fmedia&parent=229"}],"wp:term":[{"taxonomy":"category","embeddable":true,"href":"http:\/\/www.gites-pre-des-poulains.fr\/index.php?rest_route=%2Fwp%2Fv2%2Fcategories&post=229"},{"taxonomy":"post_tag","embeddable":true,"href":"http:\/\/www.gites-pre-des-poulains.fr\/index.php?rest_route=%2Fwp%2Fv2%2Ftags&post=229"}],"curies":[{"name":"wp","href":"https:\/\/api.w.org\/{rel}","templated":true}]}}