{"id":1039,"date":"2020-04-08T08:23:02","date_gmt":"2020-04-08T07:23:02","guid":{"rendered":"http:\/\/www.gites-pre-des-poulains.fr\/?p=1039"},"modified":"2022-01-17T08:05:28","modified_gmt":"2022-01-17T07:05:28","slug":"avril-toujours-confines","status":"publish","type":"post","link":"http:\/\/www.gites-pre-des-poulains.fr\/?p=1039","title":{"rendered":"Avril ,toujours confin\u00e9s"},"content":{"rendered":"\n<p>Dire que nos vacanciers de P\u00e2ques auraient profit\u00e9 du Beau temps et du jardin peaufin\u00e9 <\/p>\n\n\n\n<figure class=\"wp-block-image size-large\"><img loading=\"lazy\" width=\"1500\" height=\"1120\" src=\"http:\/\/www.gites-pre-des-poulains.fr\/wp-content\/uploads\/2020\/04\/img_0334.jpg\" alt=\"\" class=\"wp-image-1037\" srcset=\"http:\/\/www.gites-pre-des-poulains.fr\/wp-content\/uploads\/2020\/04\/img_0334.jpg 1500w, http:\/\/www.gites-pre-des-poulains.fr\/wp-content\/uploads\/2020\/04\/img_0334-300x224.jpg 300w, http:\/\/www.gites-pre-des-poulains.fr\/wp-content\/uploads\/2020\/04\/img_0334-768x573.jpg 768w, http:\/\/www.gites-pre-des-poulains.fr\/wp-content\/uploads\/2020\/04\/img_0334-1024x765.jpg 1024w\" sizes=\"(max-width: 1500px) 100vw, 1500px\" \/><\/figure>\n\n\n\n<figure class=\"wp-block-gallery columns-1 is-cropped\"><ul class=\"blocks-gallery-grid\"><li class=\"blocks-gallery-item\"><figure><img loading=\"lazy\" width=\"1120\" height=\"1500\" src=\"http:\/\/www.gites-pre-des-poulains.fr\/wp-content\/uploads\/2020\/04\/img_0335.jpg\" data-id=\"1038\" class=\"wp-image-1038\" srcset=\"http:\/\/www.gites-pre-des-poulains.fr\/wp-content\/uploads\/2020\/04\/img_0335.jpg 1120w, http:\/\/www.gites-pre-des-poulains.fr\/wp-content\/uploads\/2020\/04\/img_0335-224x300.jpg 224w, http:\/\/www.gites-pre-des-poulains.fr\/wp-content\/uploads\/2020\/04\/img_0335-768x1029.jpg 768w, http:\/\/www.gites-pre-des-poulains.fr\/wp-content\/uploads\/2020\/04\/img_0335-765x1024.jpg 765w\" sizes=\"(max-width: 1120px) 100vw, 1120px\" \/><\/figure><\/li><\/ul><\/figure>\n","protected":false},"excerpt":{"rendered":"<p>Dire que nos vacanciers de P\u00e2ques auraient profit\u00e9 du Beau temps et du jardin peaufin\u00e9<\/p>\n","protected":false},"author":1,"featured_media":0,"comment_status":"closed","ping_status":"closed","sticky":false,"template":"","format":"standard","meta":[],"categories":[1],"tags":[],"_links":{"self":[{"href":"http:\/\/www.gites-pre-des-poulains.fr\/index.php?rest_route=\/wp\/v2\/posts\/1039"}],"collection":[{"href":"http:\/\/www.gites-pre-des-poulains.fr\/index.php?rest_route=\/wp\/v2\/posts"}],"about":[{"href":"http:\/\/www.gites-pre-des-poulains.fr\/index.php?rest_route=\/wp\/v2\/types\/post"}],"author":[{"embeddable":true,"href":"http:\/\/www.gites-pre-des-poulains.fr\/index.php?rest_route=\/wp\/v2\/users\/1"}],"replies":[{"embeddable":true,"href":"http:\/\/www.gites-pre-des-poulains.fr\/index.php?rest_route=%2Fwp%2Fv2%2Fcomments&post=1039"}],"version-history":[{"count":1,"href":"http:\/\/www.gites-pre-des-poulains.fr\/index.php?rest_route=\/wp\/v2\/posts\/1039\/revisions"}],"predecessor-version":[{"id":1040,"href":"http:\/\/www.gites-pre-des-poulains.fr\/index.php?rest_route=\/wp\/v2\/posts\/1039\/revisions\/1040"}],"wp:attachment":[{"href":"http:\/\/www.gites-pre-des-poulains.fr\/index.php?rest_route=%2Fwp%2Fv2%2Fmedia&parent=1039"}],"wp:term":[{"taxonomy":"category","embeddable":true,"href":"http:\/\/www.gites-pre-des-poulains.fr\/index.php?rest_route=%2Fwp%2Fv2%2Fcategories&post=1039"},{"taxonomy":"post_tag","embeddable":true,"href":"http:\/\/www.gites-pre-des-poulains.fr\/index.php?rest_route=%2Fwp%2Fv2%2Ftags&post=1039"}],"curies":[{"name":"wp","href":"https:\/\/api.w.org\/{rel}","templated":true}]}}